{"id":231,"date":"2011-02-17T14:44:56","date_gmt":"2011-02-17T14:44:56","guid":{"rendered":"http:\/\/danavonmach.de\/?p=231"},"modified":"2022-04-29T16:37:07","modified_gmt":"2022-04-29T16:37:07","slug":"stimme-16","status":"publish","type":"post","link":"https:\/\/www.danavonmach.de\/de\/blog\/2011\/02\/17\/stimme-16\/","title":{"rendered":"Stimme 16"},"content":{"rendered":"<p><span class=\"testimonial-nr\">16<\/span>Hallo liebe Dana,\u2028\u2026f\u00fcr mich war die Zeit gekommen, um viele Dinge neu zu sortieren und dahinzur\u00fccken, wohin sie geh\u00f6ren. Dass dieses so m\u00f6glich war und ist f\u00fcr mich, liebe Dana, daf\u00fcr m\u00f6chte ich mich bei dir bedanken. Denn du hast sehr viel dazu beigetragen. Ich habe viel \u00fcber unsere Gespr\u00e4che nachgedacht und sie f\u00fcr mich aufgearbeitet. Und was noch viel sch\u00f6ner ist, es hat mir geholfen, nicht nur pers\u00f6nlich f\u00fcr meine Gedanken, sondern auch beruflich. Ich habe das verinnerlicht, \u00fcber was wir gemeinsam gesprochen haben. \u2028Zum 15. Mai habe ich einen neuen Job gefunden. Ist das nicht toll?!:-)\u2026\u2028Es passte einfach alles schon im Vorstellungsgespr\u00e4ch. Vom Chef, den Mitarbeitern und sogar vom Gehalt. Liebe Dana, daf\u00fcr m\u00f6chte ich Dir von Herzen danken. Ich freue mich, dass wir uns kennen lernen durften. Jetzt w\u00fcnsch ich Dir noch ein sch\u00f6nes Osterfest und ganz liebe Gr\u00fc\u00dfe an alle.<\/p>\n<h4>\u2013 M., 28.04.2008<\/h4>\n","protected":false},"excerpt":{"rendered":"<p>16Hallo liebe Dana,\u2028\u2026f\u00fcr mich war die Zeit gekommen, um viele Dinge neu zu sortieren und dahinzur\u00fccken, wohin sie geh\u00f6ren. Dass dieses so m\u00f6glich war und ist f\u00fcr mich, liebe Dana, daf\u00fcr m\u00f6chte ich mich bei dir bedanken. Denn du hast sehr viel dazu beigetragen. Ich habe viel \u00fcber unsere Gespr\u00e4che nachgedacht und sie f\u00fcr mich [&hellip;]<\/p>\n","protected":false},"author":2,"featured_media":0,"comment_status":"open","ping_status":"open","sticky":false,"template":"","format":"standard","meta":{"footnotes":""},"categories":[3],"tags":[],"class_list":["post-231","post","type-post","status-publish","format-standard","hentry","category-kundenmeinungen"],"_links":{"self":[{"href":"https:\/\/www.danavonmach.de\/wp-json\/wp\/v2\/posts\/231","targetHints":{"allow":["GET"]}}],"collection":[{"href":"https:\/\/www.danavonmach.de\/wp-json\/wp\/v2\/posts"}],"about":[{"href":"https:\/\/www.danavonmach.de\/wp-json\/wp\/v2\/types\/post"}],"author":[{"embeddable":true,"href":"https:\/\/www.danavonmach.de\/wp-json\/wp\/v2\/users\/2"}],"replies":[{"embeddable":true,"href":"https:\/\/www.danavonmach.de\/wp-json\/wp\/v2\/comments?post=231"}],"version-history":[{"count":11,"href":"https:\/\/www.danavonmach.de\/wp-json\/wp\/v2\/posts\/231\/revisions"}],"predecessor-version":[{"id":1732,"href":"https:\/\/www.danavonmach.de\/wp-json\/wp\/v2\/posts\/231\/revisions\/1732"}],"wp:attachment":[{"href":"https:\/\/www.danavonmach.de\/wp-json\/wp\/v2\/media?parent=231"}],"wp:term":[{"taxonomy":"category","embeddable":true,"href":"https:\/\/www.danavonmach.de\/wp-json\/wp\/v2\/categories?post=231"},{"taxonomy":"post_tag","embeddable":true,"href":"https:\/\/www.danavonmach.de\/wp-json\/wp\/v2\/tags?post=231"}],"curies":[{"name":"wp","href":"https:\/\/api.w.org\/{rel}","templated":true}]}}