{"id":231,"date":"2011-02-17T14:44:56","date_gmt":"2011-02-17T14:44:56","guid":{"rendered":"http:\/\/danavonmach.de\/?p=231"},"modified":"2022-04-29T16:37:07","modified_gmt":"2022-04-29T16:37:07","slug":"stimme-16","status":"publish","type":"post","link":"https:\/\/www.danavonmach.de\/no\/blog\/2011\/02\/17\/stimme-16\/","title":{"rendered":"Stimme 16"},"content":{"rendered":"<p><span class=\"testimonial-nr\">16<\/span>Hei kj\u00e6re Dana,\u2028\u2026 kurset ditt var en viktig del av livet mitt, b\u00e5de profesjonelt og personlig. Du klarte \u00e5 ta vekk frykten min for engelsk spr\u00e5k med de skreddersydde, varierte timene tilpasset deltakernes kunnskapsniv\u00e5. I samfunnet var timene interessante, du ble utfordret og oppmuntret! S\u00e5 jeg deltok i timene med glede og interesse og l\u00e6rte mye. P\u00e5 ettermiddagene, med tanke p\u00e5 (s\u00f8knads)intervju-egnet-for-verden-kurset, ble det lagt stor vekt p\u00e5 personligheten til hver enkelt. Ta vare p\u00e5 indre verdier og ta vare p\u00e5 deg selv, det er det jeg tar med meg. Jeg vil gjerne takke deg for din kompetente st\u00f8tte i denne tiden og hilser deg hjertelig,<\/p>\n<h4>\u2013 M., 28.04.2008<\/h4>\n","protected":false},"excerpt":{"rendered":"<p>16Hei kj\u00e6re Dana,\u2028\u2026 kurset ditt var en viktig del av livet mitt, b\u00e5de profesjonelt og personlig. Du klarte \u00e5 ta vekk frykten min for engelsk spr\u00e5k med de skreddersydde, varierte timene tilpasset deltakernes kunnskapsniv\u00e5. I samfunnet var timene interessante, du ble utfordret og oppmuntret! S\u00e5 jeg deltok i timene med glede og interesse og l\u00e6rte [&hellip;]<\/p>\n","protected":false},"author":2,"featured_media":0,"comment_status":"open","ping_status":"open","sticky":false,"template":"","format":"standard","meta":{"footnotes":""},"categories":[3],"tags":[],"class_list":["post-231","post","type-post","status-publish","format-standard","hentry","category-kundenmeinungen"],"_links":{"self":[{"href":"https:\/\/www.danavonmach.de\/wp-json\/wp\/v2\/posts\/231","targetHints":{"allow":["GET"]}}],"collection":[{"href":"https:\/\/www.danavonmach.de\/wp-json\/wp\/v2\/posts"}],"about":[{"href":"https:\/\/www.danavonmach.de\/wp-json\/wp\/v2\/types\/post"}],"author":[{"embeddable":true,"href":"https:\/\/www.danavonmach.de\/wp-json\/wp\/v2\/users\/2"}],"replies":[{"embeddable":true,"href":"https:\/\/www.danavonmach.de\/wp-json\/wp\/v2\/comments?post=231"}],"version-history":[{"count":11,"href":"https:\/\/www.danavonmach.de\/wp-json\/wp\/v2\/posts\/231\/revisions"}],"predecessor-version":[{"id":1732,"href":"https:\/\/www.danavonmach.de\/wp-json\/wp\/v2\/posts\/231\/revisions\/1732"}],"wp:attachment":[{"href":"https:\/\/www.danavonmach.de\/wp-json\/wp\/v2\/media?parent=231"}],"wp:term":[{"taxonomy":"category","embeddable":true,"href":"https:\/\/www.danavonmach.de\/wp-json\/wp\/v2\/categories?post=231"},{"taxonomy":"post_tag","embeddable":true,"href":"https:\/\/www.danavonmach.de\/wp-json\/wp\/v2\/tags?post=231"}],"curies":[{"name":"wp","href":"https:\/\/api.w.org\/{rel}","templated":true}]}}